{"id":1209,"date":"2025-06-08T22:20:35","date_gmt":"2025-06-08T20:20:35","guid":{"rendered":"https:\/\/www.it-gymnasium.at\/abendschule\/?p=1209"},"modified":"2025-06-22T22:57:15","modified_gmt":"2025-06-22T20:57:15","slug":"udine","status":"publish","type":"post","link":"https:\/\/www.it-gymnasium.at\/abendschule\/2025\/06\/08\/udine\/","title":{"rendered":"Exkursion nach Udine \u2013 ein Tag voller Eindr\u00fccke"},"content":{"rendered":"<p>Am 28. April 2025 machten sich die Italienischgruppen der 4AA und 6AA auf den Weg nach Udine, um die italienische Kultur unmittelbar zu erleben und ihre im Unterricht erworbenen Sprachkenntnisse praktisch anzuwenden.<\/p>\n<p>Nach einer angenehmen Zugfahrt erreichten wir die Piazza Primo Maggio, die von den Udinesern \u201eGiardin Grande\u201c genannt wird. In ihrer N\u00e4he befindet sich die Pizzeria Vesuvio, in der wir unser Mittagessen genossen. Trotz der vielf\u00e4ltigen Auswahl auf der Speisekarte entschieden wir uns alle f\u00fcr Pizza.<\/p>\n<p>Im Anschluss an das Mittagessen durchquerten wir den sehenswerten Park und nahmen eine Abk\u00fcrzung zum \u201eCastello di Udine\u201c. Von dort aus hatten wir eine wunderbare Aussicht auf das umliegende H\u00fcgelland sowie auf das historische Stadtzentrum. Nachdem wir die steilen Treppen hinabgestiegen waren, erreichten wir die \u201ePiazza della Libert\u00e0\u201c und bestaunten die \u201eLoggia del Lionello\u201c mit ihrer wei\u00df-rosa gestreiften Fassade. Auch der Uhrturm \u201eTorre dell\u2019Orologio\u201c mit dem Markusl\u00f6wen sowie die Statuen Herkules und Cacus waren beeindruckend.<\/p>\n<p>Unser n\u00e4chstes Ziel war das Museum f\u00fcr moderne und zeitgen\u00f6ssische Kunst \u201eCasa Cavazzini\u201c, in dem derzeit eine japanische Sonderausstellung zu sehen ist. Leider konnten wir uns aufgrund der begrenzten Zeit nur kurz den sch\u00f6nen K\u00fcnsten widmen.<\/p>\n<p>Zum Abschluss hatten alle Abendstudierenden noch Gelegenheit, durch das historische Stadtzentrum zu schlendern, kleine Eink\u00e4ufe zu t\u00e4tigen und eine Gelateria zu besuchen.<br \/>\nUnser Fazit dieses kurzen, aber bereichernden Ausflugs: Wir kommen wieder!<\/p>\n<p><em>Bericht von Prof.in Mag.a Renate Glantschnig-Krameter<\/em><\/p>\n\n\t\t<style type=\"text\/css\">\n\t\t\t#gallery-1 {\n\t\t\t\tmargin: auto;\n\t\t\t}\n\t\t\t#gallery-1 .gallery-item {\n\t\t\t\tfloat: left;\n\t\t\t\tmargin-top: 10px;\n\t\t\t\ttext-align: center;\n\t\t\t\twidth: 20%;\n\t\t\t}\n\t\t\t#gallery-1 img {\n\t\t\t\tborder: 2px solid #cfcfcf;\n\t\t\t}\n\t\t\t#gallery-1 .gallery-caption {\n\t\t\t\tmargin-left: 0;\n\t\t\t}\n\t\t\t\/* see gallery_shortcode() in wp-includes\/media.php *\/\n\t\t<\/style>\n\t\t<div id='gallery-1' class='gallery galleryid-1209 gallery-columns-5 gallery-size-thumbnail'><dl class='gallery-item'>\n\t\t\t<dt class='gallery-icon landscape'>\n\t\t\t\t<a href='https:\/\/www.it-gymnasium.at\/abendschule\/wp-content\/uploads\/sites\/4\/2025\/06\/Castello-di-Udine.jpg'><img loading=\"lazy\" decoding=\"async\" width=\"150\" height=\"150\" src=\"https:\/\/www.it-gymnasium.at\/abendschule\/wp-content\/uploads\/sites\/4\/2025\/06\/Castello-di-Udine-150x150.jpg\" class=\"attachment-thumbnail size-thumbnail\" alt=\"\" srcset=\"https:\/\/www.it-gymnasium.at\/abendschule\/wp-content\/uploads\/sites\/4\/2025\/06\/Castello-di-Udine-150x150.jpg 150w, https:\/\/www.it-gymnasium.at\/abendschule\/wp-content\/uploads\/sites\/4\/2025\/06\/Castello-di-Udine-570x570.jpg 570w, https:\/\/www.it-gymnasium.at\/abendschule\/wp-content\/uploads\/sites\/4\/2025\/06\/Castello-di-Udine-500x500.jpg 500w, https:\/\/www.it-gymnasium.at\/abendschule\/wp-content\/uploads\/sites\/4\/2025\/06\/Castello-di-Udine-45x45.jpg 45w\" sizes=\"auto, (max-width: 150px) 100vw, 150px\" \/><\/a>\n\t\t\t<\/dt><\/dl><dl class='gallery-item'>\n\t\t\t<dt class='gallery-icon landscape'>\n\t\t\t\t<a href='https:\/\/www.it-gymnasium.at\/abendschule\/wp-content\/uploads\/sites\/4\/2025\/06\/Casa-Cavazzini.jpg'><img loading=\"lazy\" decoding=\"async\" width=\"150\" height=\"150\" src=\"https:\/\/www.it-gymnasium.at\/abendschule\/wp-content\/uploads\/sites\/4\/2025\/06\/Casa-Cavazzini-150x150.jpg\" class=\"attachment-thumbnail size-thumbnail\" alt=\"\" srcset=\"https:\/\/www.it-gymnasium.at\/abendschule\/wp-content\/uploads\/sites\/4\/2025\/06\/Casa-Cavazzini-150x150.jpg 150w, https:\/\/www.it-gymnasium.at\/abendschule\/wp-content\/uploads\/sites\/4\/2025\/06\/Casa-Cavazzini-570x570.jpg 570w, https:\/\/www.it-gymnasium.at\/abendschule\/wp-content\/uploads\/sites\/4\/2025\/06\/Casa-Cavazzini-500x500.jpg 500w, https:\/\/www.it-gymnasium.at\/abendschule\/wp-content\/uploads\/sites\/4\/2025\/06\/Casa-Cavazzini-45x45.jpg 45w\" sizes=\"auto, (max-width: 150px) 100vw, 150px\" \/><\/a>\n\t\t\t<\/dt><\/dl><dl class='gallery-item'>\n\t\t\t<dt class='gallery-icon landscape'>\n\t\t\t\t<a href='https:\/\/www.it-gymnasium.at\/abendschule\/wp-content\/uploads\/sites\/4\/2025\/06\/Torre-Malignani.jpg'><img loading=\"lazy\" decoding=\"async\" width=\"150\" height=\"150\" src=\"https:\/\/www.it-gymnasium.at\/abendschule\/wp-content\/uploads\/sites\/4\/2025\/06\/Torre-Malignani-150x150.jpg\" class=\"attachment-thumbnail size-thumbnail\" alt=\"\" srcset=\"https:\/\/www.it-gymnasium.at\/abendschule\/wp-content\/uploads\/sites\/4\/2025\/06\/Torre-Malignani-150x150.jpg 150w, https:\/\/www.it-gymnasium.at\/abendschule\/wp-content\/uploads\/sites\/4\/2025\/06\/Torre-Malignani-570x570.jpg 570w, https:\/\/www.it-gymnasium.at\/abendschule\/wp-content\/uploads\/sites\/4\/2025\/06\/Torre-Malignani-500x500.jpg 500w, https:\/\/www.it-gymnasium.at\/abendschule\/wp-content\/uploads\/sites\/4\/2025\/06\/Torre-Malignani-1000x1000.jpg 1000w, https:\/\/www.it-gymnasium.at\/abendschule\/wp-content\/uploads\/sites\/4\/2025\/06\/Torre-Malignani-45x45.jpg 45w\" sizes=\"auto, (max-width: 150px) 100vw, 150px\" \/><\/a>\n\t\t\t<\/dt><\/dl><dl class='gallery-item'>\n\t\t\t<dt class='gallery-icon landscape'>\n\t\t\t\t<a href='https:\/\/www.it-gymnasium.at\/abendschule\/wp-content\/uploads\/sites\/4\/2025\/06\/Primo-Maggio.jpg'><img loading=\"lazy\" decoding=\"async\" width=\"150\" height=\"150\" src=\"https:\/\/www.it-gymnasium.at\/abendschule\/wp-content\/uploads\/sites\/4\/2025\/06\/Primo-Maggio-150x150.jpg\" class=\"attachment-thumbnail size-thumbnail\" alt=\"\" srcset=\"https:\/\/www.it-gymnasium.at\/abendschule\/wp-content\/uploads\/sites\/4\/2025\/06\/Primo-Maggio-150x150.jpg 150w, https:\/\/www.it-gymnasium.at\/abendschule\/wp-content\/uploads\/sites\/4\/2025\/06\/Primo-Maggio-570x570.jpg 570w, https:\/\/www.it-gymnasium.at\/abendschule\/wp-content\/uploads\/sites\/4\/2025\/06\/Primo-Maggio-500x500.jpg 500w, https:\/\/www.it-gymnasium.at\/abendschule\/wp-content\/uploads\/sites\/4\/2025\/06\/Primo-Maggio-1000x1000.jpg 1000w, https:\/\/www.it-gymnasium.at\/abendschule\/wp-content\/uploads\/sites\/4\/2025\/06\/Primo-Maggio-45x45.jpg 45w\" sizes=\"auto, (max-width: 150px) 100vw, 150px\" \/><\/a>\n\t\t\t<\/dt><\/dl><dl class='gallery-item'>\n\t\t\t<dt class='gallery-icon portrait'>\n\t\t\t\t<a href='https:\/\/www.it-gymnasium.at\/abendschule\/wp-content\/uploads\/sites\/4\/2025\/06\/Pizzeria-Vesuvio.jpg'><img loading=\"lazy\" decoding=\"async\" width=\"150\" height=\"150\" src=\"https:\/\/www.it-gymnasium.at\/abendschule\/wp-content\/uploads\/sites\/4\/2025\/06\/Pizzeria-Vesuvio-150x150.jpg\" class=\"attachment-thumbnail size-thumbnail\" alt=\"\" srcset=\"https:\/\/www.it-gymnasium.at\/abendschule\/wp-content\/uploads\/sites\/4\/2025\/06\/Pizzeria-Vesuvio-150x150.jpg 150w, https:\/\/www.it-gymnasium.at\/abendschule\/wp-content\/uploads\/sites\/4\/2025\/06\/Pizzeria-Vesuvio-570x570.jpg 570w, https:\/\/www.it-gymnasium.at\/abendschule\/wp-content\/uploads\/sites\/4\/2025\/06\/Pizzeria-Vesuvio-500x500.jpg 500w, https:\/\/www.it-gymnasium.at\/abendschule\/wp-content\/uploads\/sites\/4\/2025\/06\/Pizzeria-Vesuvio-1000x1000.jpg 1000w, https:\/\/www.it-gymnasium.at\/abendschule\/wp-content\/uploads\/sites\/4\/2025\/06\/Pizzeria-Vesuvio-45x45.jpg 45w\" sizes=\"auto, (max-width: 150px) 100vw, 150px\" \/><\/a>\n\t\t\t<\/dt><\/dl><br style=\"clear: both\" \/><dl class='gallery-item'>\n\t\t\t<dt class='gallery-icon landscape'>\n\t\t\t\t<a href='https:\/\/www.it-gymnasium.at\/abendschule\/wp-content\/uploads\/sites\/4\/2025\/06\/PIazza-Liberta.jpg'><img loading=\"lazy\" decoding=\"async\" width=\"150\" height=\"150\" src=\"https:\/\/www.it-gymnasium.at\/abendschule\/wp-content\/uploads\/sites\/4\/2025\/06\/PIazza-Liberta-150x150.jpg\" class=\"attachment-thumbnail size-thumbnail\" alt=\"\" srcset=\"https:\/\/www.it-gymnasium.at\/abendschule\/wp-content\/uploads\/sites\/4\/2025\/06\/PIazza-Liberta-150x150.jpg 150w, https:\/\/www.it-gymnasium.at\/abendschule\/wp-content\/uploads\/sites\/4\/2025\/06\/PIazza-Liberta-570x570.jpg 570w, https:\/\/www.it-gymnasium.at\/abendschule\/wp-content\/uploads\/sites\/4\/2025\/06\/PIazza-Liberta-500x500.jpg 500w, https:\/\/www.it-gymnasium.at\/abendschule\/wp-content\/uploads\/sites\/4\/2025\/06\/PIazza-Liberta-1000x1000.jpg 1000w, https:\/\/www.it-gymnasium.at\/abendschule\/wp-content\/uploads\/sites\/4\/2025\/06\/PIazza-Liberta-45x45.jpg 45w\" sizes=\"auto, (max-width: 150px) 100vw, 150px\" \/><\/a>\n\t\t\t<\/dt><\/dl><dl class='gallery-item'>\n\t\t\t<dt class='gallery-icon portrait'>\n\t\t\t\t<a href='https:\/\/www.it-gymnasium.at\/abendschule\/wp-content\/uploads\/sites\/4\/2025\/06\/IMG-20250528-WA0009.jpg'><img loading=\"lazy\" decoding=\"async\" width=\"150\" height=\"150\" src=\"https:\/\/www.it-gymnasium.at\/abendschule\/wp-content\/uploads\/sites\/4\/2025\/06\/IMG-20250528-WA0009-150x150.jpg\" class=\"attachment-thumbnail size-thumbnail\" alt=\"\" srcset=\"https:\/\/www.it-gymnasium.at\/abendschule\/wp-content\/uploads\/sites\/4\/2025\/06\/IMG-20250528-WA0009-150x150.jpg 150w, https:\/\/www.it-gymnasium.at\/abendschule\/wp-content\/uploads\/sites\/4\/2025\/06\/IMG-20250528-WA0009-570x570.jpg 570w, https:\/\/www.it-gymnasium.at\/abendschule\/wp-content\/uploads\/sites\/4\/2025\/06\/IMG-20250528-WA0009-500x500.jpg 500w, https:\/\/www.it-gymnasium.at\/abendschule\/wp-content\/uploads\/sites\/4\/2025\/06\/IMG-20250528-WA0009-1000x1000.jpg 1000w, https:\/\/www.it-gymnasium.at\/abendschule\/wp-content\/uploads\/sites\/4\/2025\/06\/IMG-20250528-WA0009-45x45.jpg 45w\" sizes=\"auto, (max-width: 150px) 100vw, 150px\" \/><\/a>\n\t\t\t<\/dt><\/dl>\n\t\t\t<br style='clear: both' \/>\n\t\t<\/div>\n\n<p>&nbsp;<\/p>\n","protected":false},"excerpt":{"rendered":"<p>Am 28. April 2025 machten sich die Italienischgruppen der 4AA und 6AA auf den Weg nach Udine, um die italienische Kultur unmittelbar zu erleben und ihre im Unterricht erworbenen Sprachkenntnisse praktisch anzuwenden. Nach einer angenehmen Zugfahrt erreichten wir die Piazza Primo Maggio, die von den&#8230;<\/p>\n","protected":false},"author":1,"featured_media":1257,"comment_status":"closed","ping_status":"open","sticky":false,"template":"","format":"standard","meta":{"episode_type":"","audio_file":"","cover_image":"","cover_image_id":"","duration":"","filesize":"","date_recorded":"","explicit":"","block":"","itunes_episode_number":"","itunes_title":"","itunes_season_number":"","itunes_episode_type":"","filesize_raw":"","footnotes":""},"categories":[1],"tags":[],"class_list":["post-1209","post","type-post","status-publish","format-standard","has-post-thumbnail","hentry","category-allgemein"],"_links":{"self":[{"href":"https:\/\/www.it-gymnasium.at\/abendschule\/wp-json\/wp\/v2\/posts\/1209","targetHints":{"allow":["GET"]}}],"collection":[{"href":"https:\/\/www.it-gymnasium.at\/abendschule\/wp-json\/wp\/v2\/posts"}],"about":[{"href":"https:\/\/www.it-gymnasium.at\/abendschule\/wp-json\/wp\/v2\/types\/post"}],"author":[{"embeddable":true,"href":"https:\/\/www.it-gymnasium.at\/abendschule\/wp-json\/wp\/v2\/users\/1"}],"replies":[{"embeddable":true,"href":"https:\/\/www.it-gymnasium.at\/abendschule\/wp-json\/wp\/v2\/comments?post=1209"}],"version-history":[{"count":4,"href":"https:\/\/www.it-gymnasium.at\/abendschule\/wp-json\/wp\/v2\/posts\/1209\/revisions"}],"predecessor-version":[{"id":1226,"href":"https:\/\/www.it-gymnasium.at\/abendschule\/wp-json\/wp\/v2\/posts\/1209\/revisions\/1226"}],"wp:featuredmedia":[{"embeddable":true,"href":"https:\/\/www.it-gymnasium.at\/abendschule\/wp-json\/wp\/v2\/media\/1257"}],"wp:attachment":[{"href":"https:\/\/www.it-gymnasium.at\/abendschule\/wp-json\/wp\/v2\/media?parent=1209"}],"wp:term":[{"taxonomy":"category","embeddable":true,"href":"https:\/\/www.it-gymnasium.at\/abendschule\/wp-json\/wp\/v2\/categories?post=1209"},{"taxonomy":"post_tag","embeddable":true,"href":"https:\/\/www.it-gymnasium.at\/abendschule\/wp-json\/wp\/v2\/tags?post=1209"}],"curies":[{"name":"wp","href":"https:\/\/api.w.org\/{rel}","templated":true}]}}