{"id":1181,"date":"2025-03-02T18:06:34","date_gmt":"2025-03-02T17:06:34","guid":{"rendered":"https:\/\/www.it-gymnasium.at\/abendschule\/?p=1181"},"modified":"2025-03-02T18:12:24","modified_gmt":"2025-03-02T17:12:24","slug":"kinoerlebnis","status":"publish","type":"post","link":"https:\/\/www.it-gymnasium.at\/abendschule\/2025\/03\/02\/kinoerlebnis\/","title":{"rendered":"6AA\/8AA \u2013 Kinoerlebnis und kulinarischer Genuss"},"content":{"rendered":"<p>Am 20. Februar 2025 besuchten die Italienischgruppen der 6AA und 8AA das Stadtkino Villach, um sich gemeinsam den Film \u201eUn mondo a parte\u201c anzusehen.<\/p>\n<p>Der Film \u2013 eine Mischung aus Kom\u00f6die und Drama \u2013 fand bei den Abendstudierenden gro\u00dfen Anklang und erm\u00f6glichte es ihnen, die italienische Sprache in einem authentischen Kontext zu erleben und mehr \u00fcber die Kultur und Gesellschaft der Region Abruzzen zu erfahren. Themen wie die Relevanz der Bildung, der Geburtenr\u00fcckgang und die Abwanderung aus den kleinen D\u00f6rfern regten zum Nachdenken an. Das b\u00fcrgerschaftliche Engagement der Protagonisten und der starke Zusammenhalt der Dorfgemeinde vermittelten Zuversicht und Hoffnung. Eindrucksvoll waren auch die wundersch\u00f6nen Aufnahmen der unber\u00fchrten Natur und der im Nationalpark lebenden Tiere, wie z. B. B\u00e4ren, W\u00f6lfe und Adler.<\/p>\n<p>Nach dem interessanten Kinobesuch lie\u00dfen die Sch\u00fclerinnen und Sch\u00fcler den Abend in einem von einer italienischen Familie gef\u00fchrten Restaurant gem\u00fctlich ausklingen. Bei Pizza und Pasta konnten sie nicht nur die k\u00f6stliche italienische K\u00fcche genie\u00dfen, sondern auch ihre Sprachkenntnisse in einer entspannten Atmosph\u00e4re anwenden.<\/p>\n<p>Ein rundum gelungener Abend, der nicht nur viel Freude bereitete, sondern auch einen wertvollen Beitrag zum Italienischunterricht leistete.<\/p>\n<p><em>Bericht von Prof.in Mag.a Renate Glantschnig-Krameter<\/em><\/p>\n\n\t\t<style type=\"text\/css\">\n\t\t\t#gallery-1 {\n\t\t\t\tmargin: auto;\n\t\t\t}\n\t\t\t#gallery-1 .gallery-item {\n\t\t\t\tfloat: left;\n\t\t\t\tmargin-top: 10px;\n\t\t\t\ttext-align: center;\n\t\t\t\twidth: 20%;\n\t\t\t}\n\t\t\t#gallery-1 img {\n\t\t\t\tborder: 2px solid #cfcfcf;\n\t\t\t}\n\t\t\t#gallery-1 .gallery-caption {\n\t\t\t\tmargin-left: 0;\n\t\t\t}\n\t\t\t\/* see gallery_shortcode() in wp-includes\/media.php *\/\n\t\t<\/style>\n\t\t<div id='gallery-1' class='gallery galleryid-1181 gallery-columns-5 gallery-size-thumbnail'><dl class='gallery-item'>\n\t\t\t<dt class='gallery-icon portrait'>\n\t\t\t\t<a href='https:\/\/www.it-gymnasium.at\/abendschule\/wp-content\/uploads\/sites\/4\/2025\/03\/Restaurant_6AA_8AA_Feb-2025_GLK.jpg'><img loading=\"lazy\" decoding=\"async\" width=\"150\" height=\"150\" src=\"https:\/\/www.it-gymnasium.at\/abendschule\/wp-content\/uploads\/sites\/4\/2025\/03\/Restaurant_6AA_8AA_Feb-2025_GLK-150x150.jpg\" class=\"attachment-thumbnail size-thumbnail\" alt=\"\" srcset=\"https:\/\/www.it-gymnasium.at\/abendschule\/wp-content\/uploads\/sites\/4\/2025\/03\/Restaurant_6AA_8AA_Feb-2025_GLK-150x150.jpg 150w, https:\/\/www.it-gymnasium.at\/abendschule\/wp-content\/uploads\/sites\/4\/2025\/03\/Restaurant_6AA_8AA_Feb-2025_GLK-570x570.jpg 570w, https:\/\/www.it-gymnasium.at\/abendschule\/wp-content\/uploads\/sites\/4\/2025\/03\/Restaurant_6AA_8AA_Feb-2025_GLK-500x500.jpg 500w, https:\/\/www.it-gymnasium.at\/abendschule\/wp-content\/uploads\/sites\/4\/2025\/03\/Restaurant_6AA_8AA_Feb-2025_GLK-1000x1000.jpg 1000w, https:\/\/www.it-gymnasium.at\/abendschule\/wp-content\/uploads\/sites\/4\/2025\/03\/Restaurant_6AA_8AA_Feb-2025_GLK-45x45.jpg 45w\" sizes=\"auto, (max-width: 150px) 100vw, 150px\" \/><\/a>\n\t\t\t<\/dt><\/dl><dl class='gallery-item'>\n\t\t\t<dt class='gallery-icon portrait'>\n\t\t\t\t<a href='https:\/\/www.it-gymnasium.at\/abendschule\/wp-content\/uploads\/sites\/4\/2025\/03\/un-mondo-a-parte_image.jpg'><img loading=\"lazy\" decoding=\"async\" width=\"150\" height=\"150\" src=\"https:\/\/www.it-gymnasium.at\/abendschule\/wp-content\/uploads\/sites\/4\/2025\/03\/un-mondo-a-parte_image-150x150.jpg\" class=\"attachment-thumbnail size-thumbnail\" alt=\"\" srcset=\"https:\/\/www.it-gymnasium.at\/abendschule\/wp-content\/uploads\/sites\/4\/2025\/03\/un-mondo-a-parte_image-150x150.jpg 150w, https:\/\/www.it-gymnasium.at\/abendschule\/wp-content\/uploads\/sites\/4\/2025\/03\/un-mondo-a-parte_image-570x570.jpg 570w, https:\/\/www.it-gymnasium.at\/abendschule\/wp-content\/uploads\/sites\/4\/2025\/03\/un-mondo-a-parte_image-500x500.jpg 500w, https:\/\/www.it-gymnasium.at\/abendschule\/wp-content\/uploads\/sites\/4\/2025\/03\/un-mondo-a-parte_image-45x45.jpg 45w\" sizes=\"auto, (max-width: 150px) 100vw, 150px\" \/><\/a>\n\t\t\t<\/dt><\/dl>\n\t\t\t<br style='clear: both' \/>\n\t\t<\/div>\n\n<p>&nbsp;<\/p>\n","protected":false},"excerpt":{"rendered":"<p>Am 20. Februar 2025 besuchten die Italienischgruppen der 6AA und 8AA das Stadtkino Villach, um sich gemeinsam den Film \u201eUn mondo a parte\u201c anzusehen. Der Film \u2013 eine Mischung aus Kom\u00f6die und Drama \u2013 fand bei den Abendstudierenden gro\u00dfen Anklang und erm\u00f6glichte es ihnen, die&#8230;<\/p>\n","protected":false},"author":1,"featured_media":1182,"comment_status":"closed","ping_status":"open","sticky":false,"template":"","format":"standard","meta":{"episode_type":"","audio_file":"","cover_image":"","cover_image_id":"","duration":"","filesize":"","date_recorded":"","explicit":"","block":"","itunes_episode_number":"","itunes_title":"","itunes_season_number":"","itunes_episode_type":"","filesize_raw":"","footnotes":""},"categories":[1],"tags":[],"class_list":["post-1181","post","type-post","status-publish","format-standard","has-post-thumbnail","hentry","category-allgemein"],"_links":{"self":[{"href":"https:\/\/www.it-gymnasium.at\/abendschule\/wp-json\/wp\/v2\/posts\/1181","targetHints":{"allow":["GET"]}}],"collection":[{"href":"https:\/\/www.it-gymnasium.at\/abendschule\/wp-json\/wp\/v2\/posts"}],"about":[{"href":"https:\/\/www.it-gymnasium.at\/abendschule\/wp-json\/wp\/v2\/types\/post"}],"author":[{"embeddable":true,"href":"https:\/\/www.it-gymnasium.at\/abendschule\/wp-json\/wp\/v2\/users\/1"}],"replies":[{"embeddable":true,"href":"https:\/\/www.it-gymnasium.at\/abendschule\/wp-json\/wp\/v2\/comments?post=1181"}],"version-history":[{"count":1,"href":"https:\/\/www.it-gymnasium.at\/abendschule\/wp-json\/wp\/v2\/posts\/1181\/revisions"}],"predecessor-version":[{"id":1184,"href":"https:\/\/www.it-gymnasium.at\/abendschule\/wp-json\/wp\/v2\/posts\/1181\/revisions\/1184"}],"wp:featuredmedia":[{"embeddable":true,"href":"https:\/\/www.it-gymnasium.at\/abendschule\/wp-json\/wp\/v2\/media\/1182"}],"wp:attachment":[{"href":"https:\/\/www.it-gymnasium.at\/abendschule\/wp-json\/wp\/v2\/media?parent=1181"}],"wp:term":[{"taxonomy":"category","embeddable":true,"href":"https:\/\/www.it-gymnasium.at\/abendschule\/wp-json\/wp\/v2\/categories?post=1181"},{"taxonomy":"post_tag","embeddable":true,"href":"https:\/\/www.it-gymnasium.at\/abendschule\/wp-json\/wp\/v2\/tags?post=1181"}],"curies":[{"name":"wp","href":"https:\/\/api.w.org\/{rel}","templated":true}]}}